{"id":154,"date":"2018-02-11T18:58:24","date_gmt":"2018-02-11T17:58:24","guid":{"rendered":"https:\/\/blog.unimc.it\/archivisticattiva\/?p=154"},"modified":"2018-02-11T18:58:24","modified_gmt":"2018-02-11T17:58:24","slug":"archivisti-e-archivi-digitali","status":"publish","type":"post","link":"https:\/\/blog.unimc.it\/archivisticattiva\/2018\/02\/11\/archivisti-e-archivi-digitali\/","title":{"rendered":"Archivisti e archivi digitali"},"content":{"rendered":"<p>Il punto \u00e8 semplice. Che strumenti epistemologici abbiamo per comprendere e interpretare ancor prima che conservare gli archivi digitali? Cosa conosce l\u2019archivistica dei segreti meccanismi che generano liquide filiere di dati? Come li pu\u00f2, se pu\u00f3 \u00e8 deve, amministrare? Hardware, software, supporti, procedure, modalit\u00e0 di trasmissione, processi di conservazione, metadati, gli archivi sono tutto questo. E , naturalmente dati, pi\u00f9 o meno strutturati, pi\u00f9 o meno stabili. Occorre duttilit\u00e0, ci vuole pazienza e lungimiranza per passare dall\u2019archivio complesso di documenti al sistema dell\u2019archivio. Vanno forgiati nuovi strumenti, rivista l\u2019episteme e il metodo. Definizioni obsolete a partire da quella di archivio vanno rimpiazzate. Perch\u00e9 la forma \u00e8 sostanza. L\u2019archivio \u00e8 l\u2019insieme delle cose e delle azioni che scatenano processi di memoria tracciabili e conservabili nel tempo. L\u2019archivio \u00e8 e sar\u00e0 ci\u00f2 che le macchine intese in senso ampio collocano in una porzione di spazio e di tempo a sostegno delle esigenze degli umani. L\u2019archivio algocratico, segno di una civilt\u00e0 onnivora va governato dall\u2019interno. Subito, presto, prima che sia troppo tardi. La stessa parola contesto va ripensata allargata. Bisogna inseguirlo il contesto, anzi i contesti, a bordo di agili navicelle corazzate di metadati adeguati. Sapere di che ferro sono stati fatti gli archivi, di che impasto di bit. E pregare il futuro che aaspetti. Che aspetti il tempo necessario, ad esempio, a ripensare il principio di provenienza. Ricondurre a un sistema complesso fatto di macchine e azioni e non solo di istituzioni diventa la provenienza. E poi ancora la fruizione potente e diluita, l\u2019accesso e fantascientifici inventari ontologici. C\u2019\u00e8 di che scrivere nuovi manuali.<\/p>\n<p>&nbsp;<\/p>\n<p>di Federico Valacchi<\/p>\n","protected":false},"excerpt":{"rendered":"<p>Il punto \u00e8 semplice. Che strumenti epistemologici abbiamo per comprendere e interpretare ancor prima che conservare gli archivi digitali? Cosa conosce l\u2019archivistica dei segreti meccanismi che generano liquide filiere di dati? Come li pu\u00f2,&#46;&#46;&#46;<\/p>\n","protected":false},"author":4,"featured_media":76,"comment_status":"closed","ping_status":"open","sticky":false,"template":"","format":"standard","meta":{"footnotes":""},"categories":[61],"tags":[68,69,72,94,97],"class_list":["post-154","post","type-post","status-publish","format-standard","has-post-thumbnail","hentry","category-contributi","tag-archivi","tag-archivi-digitali","tag-archivistica","tag-risorse-digitali","tag-strumenti"],"_links":{"self":[{"href":"https:\/\/blog.unimc.it\/archivisticattiva\/wp-json\/wp\/v2\/posts\/154","targetHints":{"allow":["GET"]}}],"collection":[{"href":"https:\/\/blog.unimc.it\/archivisticattiva\/wp-json\/wp\/v2\/posts"}],"about":[{"href":"https:\/\/blog.unimc.it\/archivisticattiva\/wp-json\/wp\/v2\/types\/post"}],"author":[{"embeddable":true,"href":"https:\/\/blog.unimc.it\/archivisticattiva\/wp-json\/wp\/v2\/users\/4"}],"replies":[{"embeddable":true,"href":"https:\/\/blog.unimc.it\/archivisticattiva\/wp-json\/wp\/v2\/comments?post=154"}],"version-history":[{"count":0,"href":"https:\/\/blog.unimc.it\/archivisticattiva\/wp-json\/wp\/v2\/posts\/154\/revisions"}],"wp:featuredmedia":[{"embeddable":true,"href":"https:\/\/blog.unimc.it\/archivisticattiva\/wp-json\/wp\/v2\/media\/76"}],"wp:attachment":[{"href":"https:\/\/blog.unimc.it\/archivisticattiva\/wp-json\/wp\/v2\/media?parent=154"}],"wp:term":[{"taxonomy":"category","embeddable":true,"href":"https:\/\/blog.unimc.it\/archivisticattiva\/wp-json\/wp\/v2\/categories?post=154"},{"taxonomy":"post_tag","embeddable":true,"href":"https:\/\/blog.unimc.it\/archivisticattiva\/wp-json\/wp\/v2\/tags?post=154"}],"curies":[{"name":"wp","href":"https:\/\/api.w.org\/{rel}","templated":true}]}}