{"id":152,"date":"2018-02-10T19:14:32","date_gmt":"2018-02-10T18:14:32","guid":{"rendered":"https:\/\/blog.unimc.it\/archivisticattiva\/?p=152"},"modified":"2018-02-10T19:14:32","modified_gmt":"2018-02-10T18:14:32","slug":"come-sanremo","status":"publish","type":"post","link":"https:\/\/blog.unimc.it\/archivisticattiva\/2018\/02\/10\/come-sanremo\/","title":{"rendered":"Come sa(n)remo"},"content":{"rendered":"<p>Il virus della memoria, il mal d&#8217;archivio, pu\u00f2 attaccare qualsiasi tipo di contenuto. Da tutto si pu\u00f2 prendere archivisticamente spunto. Anche dall&#8217;ansiolitico nazionale, quel festival della canzone che se non ci fosse bisognerebbe inventarlo. L&#8217;edizione gerontocratica di quest&#8217;anno \u00e8 davvero uno spunto archivistico irresistibile. Le maschere deformi di Baglioni e di Ornella Vanoni hanno una infinita valenza didattica. Insegnano che al tempo non si resiste, che il tempo non si inganna, pena vendette divine che inducono malformazioni. Il tempo dei due \u00e8 il tempo inutilmente frenato, \u00e8 illusoria scorciatoia per l&#8217;eterno. E&#8217; tutto molto triste, in verit\u00e0. Nel vedere quei mascheroni ricordiamo per\u00f2 che con il tempo degli archivi si devono fare i conti. E senza sconti con ripetizione voluta. Gli archivi ci insegnano il flusso del tempo, qualunque forma esso prenda. E che il tempo quello biologico ma anche quello storico non \u00e8 un giocattolo. Piuttosto un puzzle complesso, ridda di cose che poi si chiamano fatti. Ad ogni riordino giochiamo col tempo, ma sappiamo che il tempo, o almeno la sua apparenza, va rispettata. Riordinare non \u00e8 un liting, di certo. E&#8217;dare al tempo il suo ruolo il suo corso. Descrivere archivi significa accettare che c&#8217;\u00e8 la vecchiaia, che la caducit\u00e0 documentaria non si trucca. Descrivere archivi \u00e8 inseguire la realt\u00e0 in una corsa a ritroso eppure informata del presente.Ovvero acchiappare il futuro che corre veloce su binari imponderabili, per capire come saremo o come sanremo<\/p>\n<p>Gli archivi sono vecchi, talvolta. Ma per fortuna non cantano.<\/p>\n","protected":false},"excerpt":{"rendered":"<p>Il virus della memoria, il mal d&#8217;archivio, pu\u00f2 attaccare qualsiasi tipo di contenuto. Da tutto si pu\u00f2 prendere archivisticamente spunto. Anche dall&#8217;ansiolitico nazionale, quel festival della canzone che se non ci fosse bisognerebbe inventarlo.&#46;&#46;&#46;<\/p>\n","protected":false},"author":5,"featured_media":185,"comment_status":"closed","ping_status":"open","sticky":false,"template":"","format":"standard","meta":{"footnotes":""},"categories":[61],"tags":[],"class_list":["post-152","post","type-post","status-publish","format-standard","has-post-thumbnail","hentry","category-contributi"],"_links":{"self":[{"href":"https:\/\/blog.unimc.it\/archivisticattiva\/wp-json\/wp\/v2\/posts\/152","targetHints":{"allow":["GET"]}}],"collection":[{"href":"https:\/\/blog.unimc.it\/archivisticattiva\/wp-json\/wp\/v2\/posts"}],"about":[{"href":"https:\/\/blog.unimc.it\/archivisticattiva\/wp-json\/wp\/v2\/types\/post"}],"author":[{"embeddable":true,"href":"https:\/\/blog.unimc.it\/archivisticattiva\/wp-json\/wp\/v2\/users\/5"}],"replies":[{"embeddable":true,"href":"https:\/\/blog.unimc.it\/archivisticattiva\/wp-json\/wp\/v2\/comments?post=152"}],"version-history":[{"count":0,"href":"https:\/\/blog.unimc.it\/archivisticattiva\/wp-json\/wp\/v2\/posts\/152\/revisions"}],"wp:featuredmedia":[{"embeddable":true,"href":"https:\/\/blog.unimc.it\/archivisticattiva\/wp-json\/wp\/v2\/media\/185"}],"wp:attachment":[{"href":"https:\/\/blog.unimc.it\/archivisticattiva\/wp-json\/wp\/v2\/media?parent=152"}],"wp:term":[{"taxonomy":"category","embeddable":true,"href":"https:\/\/blog.unimc.it\/archivisticattiva\/wp-json\/wp\/v2\/categories?post=152"},{"taxonomy":"post_tag","embeddable":true,"href":"https:\/\/blog.unimc.it\/archivisticattiva\/wp-json\/wp\/v2\/tags?post=152"}],"curies":[{"name":"wp","href":"https:\/\/api.w.org\/{rel}","templated":true}]}}